{"id":47,"date":"2024-08-05T03:11:26","date_gmt":"2024-08-05T07:11:26","guid":{"rendered":"https:\/\/gaviaspreview.com\/wp\/qempo\/?p=47"},"modified":"2024-08-05T15:12:10","modified_gmt":"2024-08-05T19:12:10","slug":"telecentro","status":"publish","type":"post","link":"https:\/\/brariel.com\/mmxxiv\/telecentro\/","title":{"rendered":"Telecentro"},"content":{"rendered":"<p><a href=\"http:\/\/www.telecentro.com.do\/\" target=\"_blank\" rel=\"alternate noopener\">Telecentro<\/a> ; Canal de televisi\u00f3n privado de Rep\u00fablica Dominicana, propiedad del Grupo de Medios Telemicro.<\/p>\n<p>Los servicios prestados a esta organizaci\u00f3n abarcan las \u00e1reas de equipos de transmisi\u00f3n y radio difusi\u00f3n, equipos inform\u00e1ticos, redes e infraestructura de transmisi\u00f3n (Torres y Antenas).<\/p>\n","protected":false},"excerpt":{"rendered":"<p>Lorem ipsum dolor sit amet, consectetur ad ipisici ng elit, sed do eiusmod tempor incid idunt ut labore et dolore enota pay pay.<\/p>\n","protected":false},"author":1,"featured_media":2370,"comment_status":"closed","ping_status":"closed","sticky":false,"template":"","format":"standard","meta":{"_price":"","_stock":"","_tribe_ticket_header":"","_tribe_default_ticket_provider":"","_tribe_ticket_capacity":"0","_ticket_start_date":"","_ticket_end_date":"","_tribe_ticket_show_description":"","_tribe_ticket_show_not_going":false,"_tribe_ticket_use_global_stock":"","_tribe_ticket_global_stock_level":"","_global_stock_mode":"","_global_stock_cap":"","_tribe_rsvp_for_event":"","_tribe_ticket_going_count":"","_tribe_ticket_not_going_count":"","_tribe_tickets_list":"[]","_tribe_ticket_has_attendee_info_fields":false,"footnotes":""},"categories":[16],"tags":[22,20,29,30],"class_list":["post-47","post","type-post","status-publish","format-standard","has-post-thumbnail","hentry","category-negocios","tag-diseno","tag-negocios","tag-popular","tag-tecnologia"],"_links":{"self":[{"href":"https:\/\/brariel.com\/mmxxiv\/wp-json\/wp\/v2\/posts\/47","targetHints":{"allow":["GET"]}}],"collection":[{"href":"https:\/\/brariel.com\/mmxxiv\/wp-json\/wp\/v2\/posts"}],"about":[{"href":"https:\/\/brariel.com\/mmxxiv\/wp-json\/wp\/v2\/types\/post"}],"author":[{"embeddable":true,"href":"https:\/\/brariel.com\/mmxxiv\/wp-json\/wp\/v2\/users\/1"}],"replies":[{"embeddable":true,"href":"https:\/\/brariel.com\/mmxxiv\/wp-json\/wp\/v2\/comments?post=47"}],"version-history":[{"count":3,"href":"https:\/\/brariel.com\/mmxxiv\/wp-json\/wp\/v2\/posts\/47\/revisions"}],"predecessor-version":[{"id":2372,"href":"https:\/\/brariel.com\/mmxxiv\/wp-json\/wp\/v2\/posts\/47\/revisions\/2372"}],"wp:featuredmedia":[{"embeddable":true,"href":"https:\/\/brariel.com\/mmxxiv\/wp-json\/wp\/v2\/media\/2370"}],"wp:attachment":[{"href":"https:\/\/brariel.com\/mmxxiv\/wp-json\/wp\/v2\/media?parent=47"}],"wp:term":[{"taxonomy":"category","embeddable":true,"href":"https:\/\/brariel.com\/mmxxiv\/wp-json\/wp\/v2\/categories?post=47"},{"taxonomy":"post_tag","embeddable":true,"href":"https:\/\/brariel.com\/mmxxiv\/wp-json\/wp\/v2\/tags?post=47"}],"curies":[{"name":"wp","href":"https:\/\/api.w.org\/{rel}","templated":true}]}}